{"id":10097,"date":"2019-06-14T09:55:04","date_gmt":"2019-06-14T07:55:04","guid":{"rendered":"http:\/\/www.microgamma.es\/blog\/?p=10097"},"modified":"2020-01-08T11:30:37","modified_gmt":"2020-01-08T09:30:37","slug":"objetivo-zeiss-planar-t2-50-zm-negro-para-montura-leica-m","status":"publish","type":"post","link":"https:\/\/www.microgamma.es\/blog\/index.php\/2019\/06\/objetivo-zeiss-planar-t2-50-zm-negro-para-montura-leica-m\/","title":{"rendered":"Objetivo Zeiss Planar T*2\/50 ZM negro para montura Leica M"},"content":{"rendered":"<p><img decoding=\"async\" src=\"https:\/\/www.microgamma.com\/zeiss\/zeiss_zm\/planar_50\/big_0b_002E__002E_.jpg\" \/><\/p>\n<p>Alto de poder resolutivo y magn\u00edfico control de reflejos e im\u00e1genes falsas, comportamiento uniforme distribuido a trav\u00e9s de todo el marco<\/p>\n<p><img decoding=\"async\" src=\"https:\/\/www.microgamma.com\/zeiss\/zeiss_zm\/planar_50\/anwendung_01_450.jpg\" \/><\/p>\n","protected":false},"excerpt":{"rendered":"<p>Alto de poder resolutivo y magn\u00edfico control de reflejos e im\u00e1genes falsas, comportamiento uniforme distribuido a trav\u00e9s de todo el marco<\/p>\n","protected":false},"author":32,"featured_media":0,"comment_status":"open","ping_status":"open","sticky":false,"template":"","format":"standard","meta":{"om_disable_all_campaigns":false,"site-container-style":"default","site-container-layout":"default","site-sidebar-layout":"default","disable-article-header":"default","disable-site-header":"default","disable-site-footer":"default","disable-content-area-spacing":"default","footnotes":""},"categories":[355],"tags":[13156,13946,13100,19075,16981,19857,13003,19630,13406,13002],"class_list":["post-10097","post","type-post","status-publish","format-standard","hentry","category-zeiss","tag-cerraduras-zeiss-ikon","tag-como-usar-un-objetivo-50-mm","tag-filtros-haida-para-fotografia","tag-millor-carl-zeiss-planar-antic","tag-planar-50mm-f2-zm","tag-planar-design","tag-planar-t-50-mm-f2-zm","tag-prueba-zeiss-lanar-t-50-2-zm","tag-serial-number-zeiss-planar-zm-50mm","tag-zeiss-50mm-f2-m-mount"],"aioseo_notices":[],"_links":{"self":[{"href":"https:\/\/www.microgamma.es\/blog\/index.php\/wp-json\/wp\/v2\/posts\/10097","targetHints":{"allow":["GET"]}}],"collection":[{"href":"https:\/\/www.microgamma.es\/blog\/index.php\/wp-json\/wp\/v2\/posts"}],"about":[{"href":"https:\/\/www.microgamma.es\/blog\/index.php\/wp-json\/wp\/v2\/types\/post"}],"author":[{"embeddable":true,"href":"https:\/\/www.microgamma.es\/blog\/index.php\/wp-json\/wp\/v2\/users\/32"}],"replies":[{"embeddable":true,"href":"https:\/\/www.microgamma.es\/blog\/index.php\/wp-json\/wp\/v2\/comments?post=10097"}],"version-history":[{"count":0,"href":"https:\/\/www.microgamma.es\/blog\/index.php\/wp-json\/wp\/v2\/posts\/10097\/revisions"}],"wp:attachment":[{"href":"https:\/\/www.microgamma.es\/blog\/index.php\/wp-json\/wp\/v2\/media?parent=10097"}],"wp:term":[{"taxonomy":"category","embeddable":true,"href":"https:\/\/www.microgamma.es\/blog\/index.php\/wp-json\/wp\/v2\/categories?post=10097"},{"taxonomy":"post_tag","embeddable":true,"href":"https:\/\/www.microgamma.es\/blog\/index.php\/wp-json\/wp\/v2\/tags?post=10097"}],"curies":[{"name":"wp","href":"https:\/\/api.w.org\/{rel}","templated":true}]}}