{"id":10844,"date":"2019-10-04T14:38:32","date_gmt":"2019-10-04T12:38:32","guid":{"rendered":"http:\/\/www.microgamma.es\/blog\/?p=10844"},"modified":"2019-10-08T10:35:43","modified_gmt":"2019-10-08T08:35:43","slug":"claves-para-preparar-una-sesion-fotografica-1a-parte","status":"publish","type":"post","link":"https:\/\/www.microgamma.es\/blog\/index.php\/2019\/10\/claves-para-preparar-una-sesion-fotografica-1a-parte\/","title":{"rendered":"Claves para preparar una sesi\u00f3n fotogr\u00e1fica. 1\u00aa. parte"},"content":{"rendered":"<p><a href=\"https:\/\/eizo.es\/evento\/claves-para-preparar-una-sesion-fotografica\/\"><img decoding=\"async\" src=\"https:\/\/www.microgamma.com\/eizo\/i\/RRSS-15-Octubre-Webinar-JGuardia.png\" \/><\/a><\/p>\n<p>&nbsp;<\/p>\n<p>Sesi\u00f3n online\u00a0\u2022\u00a0Claves para preparar una sesi\u00f3n fotogr\u00e1fica por el Embajador ColorEdge Jos\u00e9 Luis Guardia<\/p>\n<p>Este contenido se reparte en dos sesiones online dirigidas a fot\u00f3grafos amateur o profesionales que deseen conocer el trabajo de Jos\u00e9 Luis Guardia, reconocido internacionalmente como fot\u00f3grafo con premios en asociaciones fotogr\u00e1ficas mundiales (<span id=\"react-root\">FEP European Professional, Social &amp; Commercial Photographer of the Year \u2013 WPPI Photographer of the Year).\u00a0<\/span><\/p>\n<p>Contenidos:<\/p>\n<ul>\n<li>1\u00aa. Parte: Composici\u00f3n<\/li>\n<li>2\u00aa. Parte: Pose e iluminaci\u00f3n (pr\u00f3ximamente)<\/li>\n<\/ul>\n<p>El monitor que Guardia utiliza buscando siendo la m\u00e1xima calidad de imagen es un EIZO <a href=\"https:\/\/eizo.es\/producto\/cg318-4k-coloredge\/\">ColorEdge CG318-4K<\/a><\/p>\n<p>Si quieres saber m\u00e1s sobre la forma de trabajar de nuestro Embajador ColorEdge Jos\u00e9 Luis Guardia entra <a href=\"https:\/\/eizo.es\/jose-luis-guardia-peinado\/\">aqu\u00ed.<\/a><\/p>\n","protected":false},"excerpt":{"rendered":"<p>&nbsp; Sesi\u00f3n online\u00a0\u2022\u00a0Claves para preparar una sesi\u00f3n fotogr\u00e1fica por el Embajador ColorEdge Jos\u00e9 Luis Guardia Este contenido se reparte en dos sesiones online dirigidas a fot\u00f3grafos amateur o profesionales que deseen conocer el trabajo de Jos\u00e9 Luis Guardia, reconocido internacionalmente como fot\u00f3grafo con premios en asociaciones fotogr\u00e1ficas mundiales (FEP European Professional, Social &amp; Commercial Photographer [&hellip;]<\/p>\n","protected":false},"author":32,"featured_media":0,"comment_status":"open","ping_status":"open","sticky":false,"template":"","format":"standard","meta":{"om_disable_all_campaigns":false,"site-container-style":"default","site-container-layout":"default","site-sidebar-layout":"default","disable-article-header":"default","disable-site-header":"default","disable-site-footer":"default","disable-content-area-spacing":"default","footnotes":""},"categories":[74],"tags":[17114],"class_list":["post-10844","post","type-post","status-publish","format-standard","hentry","category-eizo","tag-expertos-en-monitores"],"aioseo_notices":[],"_links":{"self":[{"href":"https:\/\/www.microgamma.es\/blog\/index.php\/wp-json\/wp\/v2\/posts\/10844","targetHints":{"allow":["GET"]}}],"collection":[{"href":"https:\/\/www.microgamma.es\/blog\/index.php\/wp-json\/wp\/v2\/posts"}],"about":[{"href":"https:\/\/www.microgamma.es\/blog\/index.php\/wp-json\/wp\/v2\/types\/post"}],"author":[{"embeddable":true,"href":"https:\/\/www.microgamma.es\/blog\/index.php\/wp-json\/wp\/v2\/users\/32"}],"replies":[{"embeddable":true,"href":"https:\/\/www.microgamma.es\/blog\/index.php\/wp-json\/wp\/v2\/comments?post=10844"}],"version-history":[{"count":0,"href":"https:\/\/www.microgamma.es\/blog\/index.php\/wp-json\/wp\/v2\/posts\/10844\/revisions"}],"wp:attachment":[{"href":"https:\/\/www.microgamma.es\/blog\/index.php\/wp-json\/wp\/v2\/media?parent=10844"}],"wp:term":[{"taxonomy":"category","embeddable":true,"href":"https:\/\/www.microgamma.es\/blog\/index.php\/wp-json\/wp\/v2\/categories?post=10844"},{"taxonomy":"post_tag","embeddable":true,"href":"https:\/\/www.microgamma.es\/blog\/index.php\/wp-json\/wp\/v2\/tags?post=10844"}],"curies":[{"name":"wp","href":"https:\/\/api.w.org\/{rel}","templated":true}]}}