{"id":15034,"date":"2023-02-01T15:37:45","date_gmt":"2023-02-01T13:37:45","guid":{"rendered":"https:\/\/www.microgamma.es\/blog\/?p=15034"},"modified":"2023-02-01T18:41:42","modified_gmt":"2023-02-01T16:41:42","slug":"te-gustaria-acompanarnos-a-fotografiar-japon-11-24-nov-2023","status":"publish","type":"post","link":"https:\/\/www.microgamma.es\/blog\/index.php\/2023\/02\/te-gustaria-acompanarnos-a-fotografiar-japon-11-24-nov-2023\/","title":{"rendered":"\u00bfTe gustar\u00eda acompa\u00f1arnos a fotografiar Jap\u00f3n?  11-24 Nov 2023"},"content":{"rendered":"<div class=\"row_col_wrap_12 col span_12 light left\">\n<div class=\"vc_col-sm-12 wpb_column column_container vc_column_container col no-extra-padding right_margin_0px left_margin_0px inherit_tablet inherit_phone \" data-padding-pos=\"all\" data-has-bg-color=\"false\" data-bg-color=\"\" data-bg-opacity=\"1\" data-animation=\"\" data-delay=\"0\">\n<div class=\"vc_column-inner\">\n<div class=\"wpb_wrapper\">\n<h3 class=\"wpb_wrapper\"><\/h3>\n<h4><a href=\"https:\/\/www.aureanature.com\/expediciones-fotograficas\/japon\/#formulariojapon\"><img loading=\"lazy\" decoding=\"async\" width=\"1024\" height=\"683\" class=\"aligncenter size-large wp-image-15035\" src=\"http:\/\/www.microgamma.es\/blog\/wp-content\/uploads\/IMG_6406-1536x1024-1-1024x683.jpg\" alt=\"\" srcset=\"https:\/\/www.microgamma.es\/blog\/wp-content\/uploads\/IMG_6406-1536x1024-1-1024x683.jpg 1024w, https:\/\/www.microgamma.es\/blog\/wp-content\/uploads\/IMG_6406-1536x1024-1-300x200.jpg 300w, https:\/\/www.microgamma.es\/blog\/wp-content\/uploads\/IMG_6406-1536x1024-1-768x512.jpg 768w, https:\/\/www.microgamma.es\/blog\/wp-content\/uploads\/IMG_6406-1536x1024-1-260x173.jpg 260w, https:\/\/www.microgamma.es\/blog\/wp-content\/uploads\/IMG_6406-1536x1024-1.jpg 1536w\" sizes=\"auto, (max-width: 1024px) 100vw, 1024px\" \/><\/a><\/h4>\n<h3 class=\"wpb_text_column wpb_content_element \">La tierra del sol naciente.<\/h3>\n<p>Jap\u00f3n es\u00a0 un destino lleno de contrastes entre la tradici\u00f3n y la modernidad que sigue conservando como pocos la esencia de la filosof\u00eda zen y el respeto a la vida.<\/p>\n<p>Este es un viaje \u00fanico de 14 d\u00edas recorriendo el archipi\u00e9lago para visitar algunos de sus lugares m\u00e1s espectaculares y menos frecuentados.<\/p>\n<p>Descubriremos y fotografiaremos los templos zen en oto\u00f1o, los salvajes Alpes Japoneses, las calles m\u00e1gicas de los barrios tradicionales y podremos observar su riqueza natural, gastron\u00f3mica y cultural.<\/p>\n<p>&nbsp;<\/p>\n<div id=\"fws_63da6ab3e885b\" class=\"wpb_row vc_row-fluid vc_row\" data-column-margin=\"default\" data-midnight=\"dark\">\n<div class=\"row_col_wrap_12 col span_12 dark left\">\n<div class=\"vc_col-sm-12 wpb_column column_container vc_column_container col no-extra-padding inherit_tablet inherit_phone \" data-padding-pos=\"all\" data-has-bg-color=\"false\" data-bg-color=\"\" data-bg-opacity=\"1\" data-animation=\"\" data-delay=\"0\">\n<div class=\"vc_column-inner\">\n<div class=\"wpb_wrapper\">\n<div class=\"wpb_text_column wpb_content_element \">\n<div class=\"wpb_wrapper\">\n<h4>Itinerario de viaje<\/h4>\n<p>Durante el viaje descubrir\u00e1s los secretos naturales y culturales de Jap\u00f3n.<\/p>\n<\/div>\n<\/div>\n<\/div>\n<\/div>\n<\/div>\n<\/div>\n<\/div>\n<div id=\"fws_63da6ab3e8cb3\" class=\"wpb_row vc_row-fluid vc_row full-width-content vc_row-o-equal-height vc_row-flex vc_row-o-content-middle right_padding_4pct left_padding_4pct\" data-column-margin=\"50px\" data-midnight=\"dark\" data-top-percent=\"0%\" data-bottom-percent=\"4%\">\n<div class=\"row-bg-wrap\" data-bg-animation=\"none\" data-bg-overlay=\"false\">\n<div class=\"inner-wrap\">\n<div class=\"row-bg viewport-desktop\"><\/div>\n<\/div>\n<\/div>\n<div class=\"row_col_wrap_12 col span_12 dark left\">\n<div class=\"vc_col-sm-6 wpb_column column_container vc_column_container col padding-6-percent inherit_tablet inherit_phone \" data-padding-pos=\"left\" data-has-bg-color=\"false\" data-bg-color=\"\" data-bg-opacity=\"1\" data-animation=\"\" data-delay=\"0\">\n<div class=\"vc_column-inner\">\n<div class=\"wpb_wrapper\">\n<div class=\"wpb_text_column wpb_content_element vc_custom_1621674557151\">\n<div class=\"wpb_wrapper\">\n<h6><strong>D\u00edas 1 \u2013 5<\/strong><\/h6>\n<h2>Templos, oto\u00f1o y cultura en Kansai<\/h2>\n<\/div>\n<\/div>\n<div class=\"wpb_text_column wpb_content_element \">\n<div class=\"wpb_wrapper\">\n<p id=\"yui_3_17_2_1_1609757069372_1754\">Nuestro primer destino ser\u00e1n las ciudades de la prefectura de Kansai, para disfrutar del esplendor del oto\u00f1o en las calles, templos y jardines japoneses.<\/p>\n<p>Durante nuestros primeros d\u00edas de viaje recorreremos el magn\u00edfico barrio de Gion, visitaremos las cascadas y parques naturales que rodean Kyoto y Osaka, con sus espectaculares colores oto\u00f1ales y disfrutaremos de la cultura tradicional y de la gastronom\u00eda japonesa.<\/p>\n<p>Al ser la zona m\u00e1s concurrida del pa\u00eds, realizaremos las sesiones fotogr\u00e1ficas en lugares alejados de la turistificaci\u00f3n y fuera de los horarios con m\u00e1s afluencia de visitantes<\/p>\n<\/div>\n<div class=\"vc_col-sm-6 wpb_column column_container vc_column_container col padding-6-percent inherit_tablet inherit_phone \" data-padding-pos=\"left\" data-has-bg-color=\"false\" data-bg-color=\"\" data-bg-opacity=\"1\" data-animation=\"\" data-delay=\"0\">\n<div class=\"vc_column-inner\">\n<div class=\"wpb_wrapper\">\n<div class=\"wpb_text_column wpb_content_element vc_custom_1621675879413\">\n<div class=\"wpb_wrapper\">\n<h6><\/h6>\n<h6><strong>D\u00edas 6 \u2013 9<\/strong><\/h6>\n<h2>Wakayama y el Monte Fuji<\/h2>\n<\/div>\n<\/div>\n<div class=\"wpb_text_column wpb_content_element \">\n<div class=\"wpb_wrapper\">\n<p>Durante tres d\u00edas recorreremos la inexplorada pen\u00ednsula de Wakayama y realizaremos una parte del camino sagrado Japon\u00e9s, el Kumano Kodo.<\/p>\n<p>Durante nuestra estancia en Wakayama descubriremos tambi\u00e9n enclaves de costa con un gran valor paisaj\u00edstico y conoceremos la cultura costera japonesa. Nuestra \u00faltima parada ser\u00e1 Ise y sus famosas rocas, unidas por un tori, como s\u00edmbolo sintoista.<\/p>\n<p>Por \u00faltimo, nos dirigiremos hacia el norte para conocer el inconfundible Monte Fuji, uno de los s\u00edmbolos naturales del pa\u00eds. Nos alojaremos en un ryokan tradicional y fotografiaremos el volc\u00e1n desde las orillas de los lagos que le rodean.<\/p>\n<\/div>\n<div class=\"vc_col-sm-6 wpb_column column_container vc_column_container col padding-6-percent inherit_tablet inherit_phone \" data-padding-pos=\"left\" data-has-bg-color=\"false\" data-bg-color=\"\" data-bg-opacity=\"1\" data-animation=\"\" data-delay=\"0\">\n<div class=\"vc_column-inner\">\n<div class=\"wpb_wrapper\">\n<div class=\"wpb_text_column wpb_content_element vc_custom_1621675901554\">\n<div class=\"wpb_wrapper\">\n<h6><strong>D\u00edas 10 \u2013 14<\/strong><\/h6>\n<h2>Los Alpes Japoneses<\/h2>\n<\/div>\n<\/div>\n<div class=\"wpb_text_column wpb_content_element \">\n<div class=\"wpb_wrapper\">\n<p>Nuestra \u00faltima parada del viaje ser\u00e1n los Alpes Japoneses y sus extraordinarias zonas boscosas y monta\u00f1osas.<\/p>\n<p>Esta cordillera est\u00e1 considerada como uno de los lugares m\u00e1s salvajes de Jap\u00f3n y alberga paisajes y fauna end\u00e9mica, como los famosos macacos japoneses, conocidos como los primates que habitan m\u00e1s al norte del mundo. Visitaremos las aguas termales naturales donde estos animales pasan el invierno, recorreremos senderos y r\u00edos en busca de los colores de Jap\u00f3n.<\/p>\n<p>Por \u00faltimo, visitaremos Tokyo, conoceremos la ciudad durante dos d\u00edas y regresaremos a casa.<\/p>\n<\/div>\n<blockquote class=\"wp-embedded-content\" data-secret=\"Em0eYNV6dl\"><p><a href=\"https:\/\/www.aureanature.com\/expediciones-fotograficas\/japon\/\">Jap\u00f3n Viaje Fotografico<\/a><\/p><\/blockquote>\n<p><iframe loading=\"lazy\" class=\"wp-embedded-content\" sandbox=\"allow-scripts\" security=\"restricted\" style=\"position: absolute; clip: rect(1px, 1px, 1px, 1px);\" title=\"\u00abJap\u00f3n Viaje Fotografico\u00bb \u2014 Aurea\" src=\"https:\/\/www.aureanature.com\/expediciones-fotograficas\/japon\/embed\/#?secret=qbSVyzqxjw#?secret=Em0eYNV6dl\" data-secret=\"Em0eYNV6dl\" width=\"500\" height=\"282\" frameborder=\"0\" marginwidth=\"0\" marginheight=\"0\" scrolling=\"no\"><\/iframe><\/p>\n<\/div>\n<\/div>\n<\/div>\n<\/div>\n<\/div>\n<\/div>\n<\/div>\n<\/div>\n<\/div>\n<\/div>\n<\/div>\n<\/div>\n<\/div>\n<\/div>\n<\/div>\n<\/div>\n<\/div>\n<\/div>\n","protected":false},"excerpt":{"rendered":"<p>La tierra del sol naciente. Jap\u00f3n es\u00a0 un destino lleno de contrastes entre la tradici\u00f3n y la modernidad que sigue conservando como pocos la esencia de la filosof\u00eda zen y el respeto a la vida. Este es un viaje \u00fanico de 14 d\u00edas recorriendo el archipi\u00e9lago para visitar algunos de sus lugares m\u00e1s espectaculares y [&hellip;]<\/p>\n","protected":false},"author":32,"featured_media":0,"comment_status":"open","ping_status":"open","sticky":false,"template":"","format":"standard","meta":{"om_disable_all_campaigns":false,"site-container-style":"default","site-container-layout":"default","site-sidebar-layout":"default","disable-article-header":"default","disable-site-header":"default","disable-site-footer":"default","disable-content-area-spacing":"default","footnotes":""},"categories":[15797],"tags":[],"class_list":["post-15034","post","type-post","status-publish","format-standard","hentry","category-talleres-haida"],"aioseo_notices":[],"_links":{"self":[{"href":"https:\/\/www.microgamma.es\/blog\/index.php\/wp-json\/wp\/v2\/posts\/15034","targetHints":{"allow":["GET"]}}],"collection":[{"href":"https:\/\/www.microgamma.es\/blog\/index.php\/wp-json\/wp\/v2\/posts"}],"about":[{"href":"https:\/\/www.microgamma.es\/blog\/index.php\/wp-json\/wp\/v2\/types\/post"}],"author":[{"embeddable":true,"href":"https:\/\/www.microgamma.es\/blog\/index.php\/wp-json\/wp\/v2\/users\/32"}],"replies":[{"embeddable":true,"href":"https:\/\/www.microgamma.es\/blog\/index.php\/wp-json\/wp\/v2\/comments?post=15034"}],"version-history":[{"count":0,"href":"https:\/\/www.microgamma.es\/blog\/index.php\/wp-json\/wp\/v2\/posts\/15034\/revisions"}],"wp:attachment":[{"href":"https:\/\/www.microgamma.es\/blog\/index.php\/wp-json\/wp\/v2\/media?parent=15034"}],"wp:term":[{"taxonomy":"category","embeddable":true,"href":"https:\/\/www.microgamma.es\/blog\/index.php\/wp-json\/wp\/v2\/categories?post=15034"},{"taxonomy":"post_tag","embeddable":true,"href":"https:\/\/www.microgamma.es\/blog\/index.php\/wp-json\/wp\/v2\/tags?post=15034"}],"curies":[{"name":"wp","href":"https:\/\/api.w.org\/{rel}","templated":true}]}}