{"id":5121,"date":"2014-02-01T12:00:24","date_gmt":"2014-02-01T10:00:24","guid":{"rendered":"http:\/\/www.microgamma.es\/blog\/?p=5121"},"modified":"2014-02-26T14:28:04","modified_gmt":"2014-02-26T12:28:04","slug":"fineart-igualada-2","status":"publish","type":"post","link":"https:\/\/www.microgamma.es\/blog\/index.php\/2014\/02\/fineart-igualada-2\/","title":{"rendered":"FineArt Igualada"},"content":{"rendered":"<p><img loading=\"lazy\" decoding=\"async\" class=\"alignnone\" alt=\"\" src=\"http:\/\/www.fineartigualada.cat\/wp-content\/themes\/fineart\/images\/slide1.jpg\" width=\"612\" height=\"244\" \/><\/p>\n<p><b>FineArt Igualada<\/b> \u00e9s un esdeveniment de fotografia que compta amb les obres de fot\u00f2grafs de tot l\u2019Estat espanyol. Les exposicions es reparteixen per diverses sales de mostres fotogr\u00e0fiques ef\u00edmeres.<\/p>\n<p><strong>Del 28 de febrer al 16 de mar\u00e7 de 2014 <\/strong>Igualada s\u2019omple d\u2019exposicions i activitats paral\u00b7leles com projeccions audiovisuals, xerrades, taules rodones, visites guiades i tallers.<\/p>\n<p>&nbsp;<\/p>\n<p><b>FineArt Igualada <\/b>es un evento de fotograf\u00eda que cuenta con las obras de fot\u00f3grafos de todo el Estado espa\u00f1ol. Las exposiciones se reparten por varias salas de muestras fotogr\u00e1ficas ef\u00edmeras.<\/p>\n<p><b>Del 28 de febrero al 16 de marzo de 2014<\/b> Igualada se llena de exposiciones y actividades paralelas como proyecciones audiovisuales, charlas, mesas redondas, visitas guiadas y talleres.<\/p>\n<p>&nbsp;<\/p>\n<p><a href=\"http:\/\/www.fineartigualada.cat\/ \">http:\/\/www.fineartigualada.cat\/\u00a0<\/a><\/p>\n<p><a href=\"http:\/\/www.fineartigualada.cat\/espais\/\">http:\/\/www.fineartigualada.cat\/espais\/<\/a><\/p>\n<p>&nbsp;<\/p>\n<p>&nbsp;<\/p>\n<p><a href=\"http:\/\/www.microgamma.com\/calibracion_perfilacion_monitores\/calibracion_monitores_nueva.php\"><img loading=\"lazy\" decoding=\"async\" class=\"alignnone\" alt=\"llibre calibracio monitors\" src=\"http:\/\/www.microgamma.com\/calibracion_perfilacion_monitores\/2012\/_MG_6514_600.jpg\" width=\"492\" height=\"328\" \/><\/a><\/p>\n<p>&nbsp;<\/p>\n<p>Xerrada sobre Calibraci\u00f3, Perfilaci\u00f3 i Gesti\u00f3 del color a c\u00e0rrec del Sr. Josep Forment\u00ed i Silvestre.<\/p>\n<p>Dijous, 13 de mar\u00e7 a les 20:00 h. Lloc de l&#8217;acte: seu de l&#8217;Agrupaci\u00f3 Fotogr\u00e0fica d&#8217;Igualada, situada a la\u00a0 Pla\u00e7a de la Creu 18 (centre ciutat). Disponibilitat de places: 25 pr\u00e8via inscripci\u00f3<\/p>\n<p>&nbsp;<\/p>\n<p>Charla sobre Calibraci\u00f3n, Perfilaci\u00f3n i Gesti\u00f3n del color a cargo del Sr. Josep Forment\u00ed i Silvestre.<\/p>\n<p>Jueves, 13 de marzo a las 20:00 h. Lugar del acto: sede de la Agrupaci\u00f3 Fotogr\u00e0fica d&#8217;Igualada, situada en la Plaza de la Cruz 18 (centro ciudad). Disponibilidad de plazas: 25 previa inscripci\u00f3n.<\/p>\n<p>&nbsp;<\/p>\n<p><a href=\"http:\/\/www.microgamma.com\/calibracion_perfilacion_monitores\/calibracion_monitores_nueva.php\">\u00a0http:\/\/www.microgamma.com\/calibracion_perfilacion_monitores\/calibracion_monitores_nueva.php<\/a><\/p>\n<p>&nbsp;<\/p>\n<p>&nbsp;<\/p>\n<p>&nbsp;<\/p>\n<p>&nbsp;<\/p>\n<p><span style=\"font-family: Verdana;\">Finalment i formant part tamb\u00e9 dels actes de FineArt el dissabte 8 de mar\u00e7 es celebrar\u00e0 el Mercat de fotografia a la pla\u00e7a de Cal Font d&#8217;Igualada, de 10 del mat\u00ed a 8 de la tarda.<\/span><\/p>\n<p>&nbsp;<\/p>\n<p><span style=\"font-family: Verdana;\">Finalmente y tambi\u00e9n dentro de los actos de FineArt el s\u00e1bado d\u00eda 8 de marzo se celebrar\u00e1 el Mercat de Fotografia en la pla\u00e7a de Cal Font de Igualada, desde las 10 de la ma\u00f1ana a las 8 de la tarde.<\/span><\/p>\n","protected":false},"excerpt":{"rendered":"<p>FineArt Igualada \u00e9s un esdeveniment de fotografia que compta amb les obres de fot\u00f2grafs de tot l\u2019Estat espanyol. Les exposicions es reparteixen per diverses sales de mostres fotogr\u00e0fiques ef\u00edmeres. Del 28 de febrer al 16 de mar\u00e7 de 2014 Igualada s\u2019omple d\u2019exposicions i activitats paral\u00b7leles com projeccions audiovisuals, xerrades, taules rodones, visites guiades i tallers. [&hellip;]<\/p>\n","protected":false},"author":32,"featured_media":0,"comment_status":"open","ping_status":"open","sticky":false,"template":"","format":"standard","meta":{"om_disable_all_campaigns":false,"site-container-style":"default","site-container-layout":"default","site-sidebar-layout":"default","disable-article-header":"default","disable-site-header":"default","disable-site-footer":"default","disable-content-area-spacing":"default","footnotes":""},"categories":[392],"tags":[],"class_list":["post-5121","post","type-post","status-publish","format-standard","hentry","category-calibrarelmonitor"],"aioseo_notices":[],"_links":{"self":[{"href":"https:\/\/www.microgamma.es\/blog\/index.php\/wp-json\/wp\/v2\/posts\/5121","targetHints":{"allow":["GET"]}}],"collection":[{"href":"https:\/\/www.microgamma.es\/blog\/index.php\/wp-json\/wp\/v2\/posts"}],"about":[{"href":"https:\/\/www.microgamma.es\/blog\/index.php\/wp-json\/wp\/v2\/types\/post"}],"author":[{"embeddable":true,"href":"https:\/\/www.microgamma.es\/blog\/index.php\/wp-json\/wp\/v2\/users\/32"}],"replies":[{"embeddable":true,"href":"https:\/\/www.microgamma.es\/blog\/index.php\/wp-json\/wp\/v2\/comments?post=5121"}],"version-history":[{"count":0,"href":"https:\/\/www.microgamma.es\/blog\/index.php\/wp-json\/wp\/v2\/posts\/5121\/revisions"}],"wp:attachment":[{"href":"https:\/\/www.microgamma.es\/blog\/index.php\/wp-json\/wp\/v2\/media?parent=5121"}],"wp:term":[{"taxonomy":"category","embeddable":true,"href":"https:\/\/www.microgamma.es\/blog\/index.php\/wp-json\/wp\/v2\/categories?post=5121"},{"taxonomy":"post_tag","embeddable":true,"href":"https:\/\/www.microgamma.es\/blog\/index.php\/wp-json\/wp\/v2\/tags?post=5121"}],"curies":[{"name":"wp","href":"https:\/\/api.w.org\/{rel}","templated":true}]}}